{"id":3508,"date":"2025-03-20T13:17:00","date_gmt":"2025-03-20T19:17:00","guid":{"rendered":"https:\/\/habitathn.org\/?p=3508"},"modified":"2025-04-25T10:32:34","modified_gmt":"2025-04-25T16:32:34","slug":"hogar-es-fortalecemos-la-coordinacion-y-planificacion-para-enfrentar-desafios-habitacionales-en-honduras","status":"publish","type":"post","link":"https:\/\/habitathn.org\/en\/hogar-es-fortalecemos-la-coordinacion-y-planificacion-para-enfrentar-desafios-habitacionales-en-honduras\/","title":{"rendered":"Home Equals: We strengthen coordination and planning to address housing challenges in Honduras"},"content":{"rendered":"<strong>San Pedro Sula, Honduras.<\/strong><\/p>\n<p>Habitat for Humanity Honduras held a workshop on strengthening, coordination, and planning around social housing this Thursday, March 20, with the participation of representatives from the 20 municipalities of the Sula Valley, as well as civil society, academia, and the central government.<\/p>\n<p>The workshop&#8217;s main purpose was to promote comprehensive policies and strategies that contribute to improving living conditions in irregular settlements, addressing housing challenges from a collaborative perspective.<\/p>\n<p>During the day, topics such as access to financing for social housing, land regularization, and the need to strengthen the legal and institutional framework for housing were discussed.<\/p>\n<p>&#8220;Access to adequate housing is a fundamental right and a pillar for the development of our communities. With this workshop, we seek to coordinate efforts to guarantee sustainable and accessible housing solutions for Honduran families,&#8221; said Grevil Paz, representative of Habitat for Humanity Honduras.<\/p>\n<p><img loading=\"lazy\" decoding=\"async\" class=\"aligncenter wp-image-3511 size-full\" src=\"https:\/\/habitathn.org\/wp-content\/uploads\/2025\/03\/IMG_1803-scaled.jpg\" alt=\"\" width=\"2560\" height=\"1920\" srcset=\"https:\/\/habitathn.org\/wp-content\/uploads\/2025\/03\/IMG_1803-scaled.jpg 2560w, https:\/\/habitathn.org\/wp-content\/uploads\/2025\/03\/IMG_1803-300x225.jpg 300w, https:\/\/habitathn.org\/wp-content\/uploads\/2025\/03\/IMG_1803-1024x768.jpg 1024w, https:\/\/habitathn.org\/wp-content\/uploads\/2025\/03\/IMG_1803-768x576.jpg 768w, https:\/\/habitathn.org\/wp-content\/uploads\/2025\/03\/IMG_1803-1536x1152.jpg 1536w, https:\/\/habitathn.org\/wp-content\/uploads\/2025\/03\/IMG_1803-2048x1536.jpg 2048w, https:\/\/habitathn.org\/wp-content\/uploads\/2025\/03\/IMG_1803-400x300.jpg 400w, https:\/\/habitathn.org\/wp-content\/uploads\/2025\/03\/IMG_1803-600x450.jpg 600w\" sizes=\"auto, (max-width: 2560px) 100vw, 2560px\" \/><\/p>\n<p>This workspace represented the consolidation of multiple efforts promoted by Habitat for Humanity Honduras through its &#8220;Home Equals&#8221; program. Additionally, a social housing network was established in the Sula Valley, which will monitor municipal policies implemented in 20 municipalities in the departments of Cort\u00e9s, Yoro, Santa B\u00e1rbara, and Atl\u00e1ntida. This committee will strengthen coordination between local authorities and organizations in the sector, ensuring more effective and sustained long-term planning.<\/p>\n<p>With this effort, Habitat for Humanity Honduras reaffirms its commitment to promoting sustainable housing solutions and strengthening inter-institutional coordination, contributing to the well-being of communities and the development of the country.","protected":false},"excerpt":{"rendered":"<p>San Pedro Sula, Honduras. Habitat for Humanity Honduras held a workshop on strengthening, coordination, and planning around social housing this Thursday, March 20, with the participation of representatives from the 20 municipalities of the Sula Valley, as well as civil society, academia, and the central government. The workshop&#8217;s main purpose was to promote comprehensive policies<\/p>\n<div class=\"post-actions\"><a class=\"button small\" href=\"https:\/\/habitathn.org\/en\/hogar-es-fortalecemos-la-coordinacion-y-planificacion-para-enfrentar-desafios-habitacionales-en-honduras\/\">Leer M\u00e1s<\/a><\/div>\n","protected":false},"author":22,"featured_media":3509,"comment_status":"closed","ping_status":"closed","sticky":false,"template":"","format":"aside","meta":{"_acf_changed":false,"footnotes":""},"categories":[1],"tags":[48,140,141,142],"class_list":["post-3508","post","type-post","status-publish","format-aside","has-post-thumbnail","hentry","category-noticias","tag-habitat-honduras","tag-hogar-es","tag-taller","tag-vivienda-digna","post_format-post-format-aside"],"acf":[],"rttpg_featured_image_url":{"full":["https:\/\/habitathn.org\/wp-content\/uploads\/2025\/03\/IMG_1801-scaled.jpg",2560,1920,false],"landscape":["https:\/\/habitathn.org\/wp-content\/uploads\/2025\/03\/IMG_1801-scaled.jpg",2560,1920,false],"portraits":["https:\/\/habitathn.org\/wp-content\/uploads\/2025\/03\/IMG_1801-scaled.jpg",2560,1920,false],"thumbnail":["https:\/\/habitathn.org\/wp-content\/uploads\/2025\/03\/IMG_1801-150x150.jpg",150,150,true],"medium":["https:\/\/habitathn.org\/wp-content\/uploads\/2025\/03\/IMG_1801-300x225.jpg",300,225,true],"large":["https:\/\/habitathn.org\/wp-content\/uploads\/2025\/03\/IMG_1801-1024x768.jpg",860,645,true],"1536x1536":["https:\/\/habitathn.org\/wp-content\/uploads\/2025\/03\/IMG_1801-1536x1152.jpg",1536,1152,true],"2048x2048":["https:\/\/habitathn.org\/wp-content\/uploads\/2025\/03\/IMG_1801-2048x1536.jpg",2048,1536,true],"small-header":["https:\/\/habitathn.org\/wp-content\/uploads\/2025\/03\/IMG_1801-1800x220.jpg",1800,220,true],"small-event":["https:\/\/habitathn.org\/wp-content\/uploads\/2025\/03\/IMG_1801-100x85.jpg",100,85,true],"medium-event":["https:\/\/habitathn.org\/wp-content\/uploads\/2025\/03\/IMG_1801-270x150.jpg",270,150,true],"large-event":["https:\/\/habitathn.org\/wp-content\/uploads\/2025\/03\/IMG_1801-770x330.jpg",770,330,true],"large-event-2":["https:\/\/habitathn.org\/wp-content\/uploads\/2025\/03\/IMG_1801-540x440.jpg",540,440,true],"document-thumb":["https:\/\/habitathn.org\/wp-content\/uploads\/2025\/03\/IMG_1801-400x300.jpg",400,300,true],"gallery-full":["https:\/\/habitathn.org\/wp-content\/uploads\/2025\/03\/IMG_1801-1660x880.jpg",1660,880,true],"gallery-thumb":["https:\/\/habitathn.org\/wp-content\/uploads\/2025\/03\/IMG_1801-540x330.jpg",540,330,true],"cause-medium":["https:\/\/habitathn.org\/wp-content\/uploads\/2025\/03\/IMG_1801-900x525.jpg",900,525,true],"staff-home":["https:\/\/habitathn.org\/wp-content\/uploads\/2025\/03\/IMG_1801-292x248.jpg",292,248,true],"woocommerce_thumbnail":["https:\/\/habitathn.org\/wp-content\/uploads\/2025\/03\/IMG_1801-300x300.jpg",300,300,true],"woocommerce_single":["https:\/\/habitathn.org\/wp-content\/uploads\/2025\/03\/IMG_1801-600x450.jpg",600,450,true],"woocommerce_gallery_thumbnail":["https:\/\/habitathn.org\/wp-content\/uploads\/2025\/03\/IMG_1801-100x100.jpg",100,100,true],"variation_swatches_image_size":["https:\/\/habitathn.org\/wp-content\/uploads\/2025\/03\/IMG_1801-50x50.jpg",50,50,true],"variation_swatches_tooltip_size":["https:\/\/habitathn.org\/wp-content\/uploads\/2025\/03\/IMG_1801-100x100.jpg",100,100,true]},"rttpg_author":{"display_name":"Cristian Rodriguez","author_link":"https:\/\/habitathn.org\/en\/author\/cristian-rodriguez\/"},"rttpg_comment":0,"rttpg_category":"<a href=\"https:\/\/habitathn.org\/en\/categoria\/noticias\/\" rel=\"category tag\">Noticias<\/a>","rttpg_excerpt":"San Pedro Sula, Honduras. Habitat for Humanity Honduras held a workshop on strengthening, coordination, and planning around social housing this Thursday, March 20, with the participation of representatives from the 20 municipalities of the Sula Valley, as well as civil society, academia, and the central government. The workshop&#8217;s main purpose was to promote comprehensive policiesLeer&hellip;","_links":{"self":[{"href":"https:\/\/habitathn.org\/en\/wp-json\/wp\/v2\/posts\/3508","targetHints":{"allow":["GET"]}}],"collection":[{"href":"https:\/\/habitathn.org\/en\/wp-json\/wp\/v2\/posts"}],"about":[{"href":"https:\/\/habitathn.org\/en\/wp-json\/wp\/v2\/types\/post"}],"author":[{"embeddable":true,"href":"https:\/\/habitathn.org\/en\/wp-json\/wp\/v2\/users\/22"}],"replies":[{"embeddable":true,"href":"https:\/\/habitathn.org\/en\/wp-json\/wp\/v2\/comments?post=3508"}],"version-history":[{"count":3,"href":"https:\/\/habitathn.org\/en\/wp-json\/wp\/v2\/posts\/3508\/revisions"}],"predecessor-version":[{"id":3557,"href":"https:\/\/habitathn.org\/en\/wp-json\/wp\/v2\/posts\/3508\/revisions\/3557"}],"wp:featuredmedia":[{"embeddable":true,"href":"https:\/\/habitathn.org\/en\/wp-json\/wp\/v2\/media\/3509"}],"wp:attachment":[{"href":"https:\/\/habitathn.org\/en\/wp-json\/wp\/v2\/media?parent=3508"}],"wp:term":[{"taxonomy":"category","embeddable":true,"href":"https:\/\/habitathn.org\/en\/wp-json\/wp\/v2\/categories?post=3508"},{"taxonomy":"post_tag","embeddable":true,"href":"https:\/\/habitathn.org\/en\/wp-json\/wp\/v2\/tags?post=3508"}],"curies":[{"name":"wp","href":"https:\/\/api.w.org\/{rel}","templated":true}]}}